{"id":282791,"date":"2023-03-03T16:58:39","date_gmt":"2023-03-03T15:58:39","guid":{"rendered":"https:\/\/jfn-univ.com\/?p=282791"},"modified":"2025-10-08T16:59:57","modified_gmt":"2025-10-08T15:59:57","slug":"international-day-of-dunis-a-jfn","status":"publish","type":"post","link":"https:\/\/jfn-univ.com\/index.php\/international-day-of-dunis-a-jfn\/","title":{"rendered":"International Day of Dunis \u00e0 JFN"},"content":{"rendered":"\n<p><\/p>\n\n\n\n<p>Ce mercredi 01 Mars 2023 s&rsquo;est tenu au sein du Campus JFN l&rsquo;International Day de Dunis.<\/p>\n\n\n\n<figure class=\"wp-block-image aligncenter size-full is-resized\"><img loading=\"lazy\" decoding=\"async\" width=\"462\" height=\"346\" src=\"https:\/\/jfn-univ.com\/wp-content\/uploads\/2025\/10\/Image16.jpg\" alt=\"\" class=\"wp-image-282793\" style=\"width:558px;height:auto\" srcset=\"https:\/\/jfn-univ.com\/wp-content\/uploads\/2025\/10\/Image16.jpg 462w, https:\/\/jfn-univ.com\/wp-content\/uploads\/2025\/10\/Image16-300x225.jpg 300w\" sizes=\"auto, (max-width: 462px) 100vw, 462px\" \/><\/figure>\n\n\n\n<p>Cette journ\u00e9e avait pour but d&rsquo;orienter, conseiller, \u00e9changer, apporter d&rsquo;amples informations sur le cursus acad\u00e9mique et la continuit\u00e9 des \u00e9tudes dans les \u00e9coles partenaires pour un \u00e9tudiant qui souhaite int\u00e9grer le programme Dunis (02 ans \u00e0 JFN et la 03\u00e8me ann\u00e9e dans nos universit\u00e9s partenaires \u00e0 l&rsquo;\u00e9tranger).<\/p>\n\n\n\n<p>Cette journ\u00e9e a d\u00e9but\u00e9 par une conf\u00e9rence o\u00f9 les diff\u00e9rents partenaires internationaux ont pr\u00e9sent\u00e9 leur universit\u00e9, les formations disponibles, et les d\u00e9bouch\u00e9s de celles-ci.<\/p>\n\n\n\n<p>Dans la deuxi\u00e8me phase de cette journ\u00e9e, les \u00e9tudiants ont eu la possibilit\u00e9 de visiter les stands et d&rsquo;\u00e9changer avec les partenaires sur le choix de leur formation \u00e0 l&rsquo;universit\u00e9.<\/p>\n\n\n\n<div class=\"wp-block-columns is-layout-flex wp-container-core-columns-is-layout-9d6595d7 wp-block-columns-is-layout-flex\">\n<div class=\"wp-block-column is-layout-flow wp-block-column-is-layout-flow\">\n<figure class=\"wp-block-image size-full\"><img loading=\"lazy\" decoding=\"async\" width=\"520\" height=\"346\" src=\"https:\/\/jfn-univ.com\/wp-content\/uploads\/2025\/10\/Image17.jpg\" alt=\"\" class=\"wp-image-282794\" srcset=\"https:\/\/jfn-univ.com\/wp-content\/uploads\/2025\/10\/Image17.jpg 520w, https:\/\/jfn-univ.com\/wp-content\/uploads\/2025\/10\/Image17-480x319.jpg 480w\" sizes=\"auto, (min-width: 0px) and (max-width: 480px) 480px, (min-width: 481px) 520px, 100vw\" \/><\/figure>\n<\/div>\n\n\n\n<div class=\"wp-block-column is-layout-flow wp-block-column-is-layout-flow\">\n<figure class=\"wp-block-image size-full\"><img loading=\"lazy\" decoding=\"async\" width=\"520\" height=\"346\" src=\"https:\/\/jfn-univ.com\/wp-content\/uploads\/2025\/10\/Image18.jpg\" alt=\"\" class=\"wp-image-282795\" srcset=\"https:\/\/jfn-univ.com\/wp-content\/uploads\/2025\/10\/Image18.jpg 520w, https:\/\/jfn-univ.com\/wp-content\/uploads\/2025\/10\/Image18-480x319.jpg 480w\" sizes=\"auto, (min-width: 0px) and (max-width: 480px) 480px, (min-width: 481px) 520px, 100vw\" \/><\/figure>\n<\/div>\n\n\n\n<div class=\"wp-block-column is-layout-flow wp-block-column-is-layout-flow\">\n<figure class=\"wp-block-image size-full\"><img loading=\"lazy\" decoding=\"async\" width=\"520\" height=\"346\" src=\"https:\/\/jfn-univ.com\/wp-content\/uploads\/2025\/10\/Image20.jpg\" alt=\"\" class=\"wp-image-282796\" srcset=\"https:\/\/jfn-univ.com\/wp-content\/uploads\/2025\/10\/Image20.jpg 520w, https:\/\/jfn-univ.com\/wp-content\/uploads\/2025\/10\/Image20-480x319.jpg 480w\" sizes=\"auto, (min-width: 0px) and (max-width: 480px) 480px, (min-width: 481px) 520px, 100vw\" \/><\/figure>\n<\/div>\n<\/div>\n\n\n\n<p>\u00c9taient pr\u00e9sents \u00e0 l&rsquo;\u00e9v\u00e9nement,<\/p>\n\n\n\n<ul class=\"wp-block-list\">\n<li>M. Ronald Nafack , Directeur G\u00e9n\u00e9ral de JFN HUI,<\/li>\n<\/ul>\n\n\n\n<ul class=\"wp-block-list\">\n<li>Les partenaires internationaux :<\/li>\n<\/ul>\n\n\n\n<ul class=\"wp-block-list\">\n<li>Mme elisabeth Mbaye , Directrice Acad\u00e9mique de <a href=\"https:\/\/www.facebook.com\/DUNIS.AFRICA?__cft__%5b0%5d=AZVMFbL0XBwmH6kHqrWhAwOn8eRj88S_ROP-yVwr5q8MhFcR8DWuFVnIWI3dMXiREz7jNbW605w6choAsOYWMgx-HQQ4Uwgc41SIKV_T9GXI_qV-_NjYgZvwaOnE27S100XD7t2io7AkIZuqWjuw1Pj2RCknO_U1xQ2OOR87xyKJVw&amp;__tn__=-%5dK-R\"><strong>DUNIS University of International Studies<\/strong><\/a> (Dakar, Abidjan, Douala) au S\u00e9n\u00e9gal.<\/li>\n<\/ul>\n\n\n\n<ul class=\"wp-block-list\">\n<li>Dr. Lloyd Robert, Director of strategic partnerships et Mme Hailey Williams, Global Affairs Operator de <a href=\"https:\/\/www.facebook.com\/forthaysstate?__cft__%5b0%5d=AZVMFbL0XBwmH6kHqrWhAwOn8eRj88S_ROP-yVwr5q8MhFcR8DWuFVnIWI3dMXiREz7jNbW605w6choAsOYWMgx-HQQ4Uwgc41SIKV_T9GXI_qV-_NjYgZvwaOnE27S100XD7t2io7AkIZuqWjuw1Pj2RCknO_U1xQ2OOR87xyKJVw&amp;__tn__=-%5dK-R\"><strong>Fort Hays State University<\/strong><\/a> au Etats-Unis<\/li>\n<\/ul>\n\n\n\n<ul class=\"wp-block-list\">\n<li>M. Ibrahima Fatin YARO , Global Learning Recruiter et M. Bryson Keltner , Global Affairs Recruiter de <a href=\"https:\/\/www.facebook.com\/WKUNews?__cft__%5b0%5d=AZVMFbL0XBwmH6kHqrWhAwOn8eRj88S_ROP-yVwr5q8MhFcR8DWuFVnIWI3dMXiREz7jNbW605w6choAsOYWMgx-HQQ4Uwgc41SIKV_T9GXI_qV-_NjYgZvwaOnE27S100XD7t2io7AkIZuqWjuw1Pj2RCknO_U1xQ2OOR87xyKJVw&amp;__tn__=-%5dK-R\"><strong>Western Kentucky University<\/strong><\/a> au Etats-Unis<\/li>\n<\/ul>\n\n\n\n<ul class=\"wp-block-list\">\n<li>Mme AyoTola Oluwande , Business Development Executor de <a href=\"https:\/\/www.facebook.com\/ucanwest?__cft__%5b0%5d=AZVMFbL0XBwmH6kHqrWhAwOn8eRj88S_ROP-yVwr5q8MhFcR8DWuFVnIWI3dMXiREz7jNbW605w6choAsOYWMgx-HQQ4Uwgc41SIKV_T9GXI_qV-_NjYgZvwaOnE27S100XD7t2io7AkIZuqWjuw1Pj2RCknO_U1xQ2OOR87xyKJVw&amp;__tn__=-%5dK-R\"><strong>University Canada West<\/strong><\/a> au Canada<\/li>\n<\/ul>\n\n\n\n<ul class=\"wp-block-list\">\n<li>Ma\u00ebl ZEFZAF , Directeur du d\u00e9veloppement International du <a href=\"https:\/\/www.facebook.com\/igensia.education?__cft__%5b0%5d=AZVMFbL0XBwmH6kHqrWhAwOn8eRj88S_ROP-yVwr5q8MhFcR8DWuFVnIWI3dMXiREz7jNbW605w6choAsOYWMgx-HQQ4Uwgc41SIKV_T9GXI_qV-_NjYgZvwaOnE27S100XD7t2io7AkIZuqWjuw1Pj2RCknO_U1xQ2OOR87xyKJVw&amp;__tn__=-%5dK-R\"><strong>Groupe IGS<\/strong><\/a> en France<\/li>\n<\/ul>\n\n\n\n<ul class=\"wp-block-list\">\n<li>M. Adam Romani, MBA , Admission &amp; Communication Officer de <a href=\"https:\/\/www.facebook.com\/americanbusinesscollege.paris?__cft__%5b0%5d=AZVMFbL0XBwmH6kHqrWhAwOn8eRj88S_ROP-yVwr5q8MhFcR8DWuFVnIWI3dMXiREz7jNbW605w6choAsOYWMgx-HQQ4Uwgc41SIKV_T9GXI_qV-_NjYgZvwaOnE27S100XD7t2io7AkIZuqWjuw1Pj2RCknO_U1xQ2OOR87xyKJVw&amp;__tn__=-%5dK-R\"><strong>The American Business School of Paris<\/strong><\/a> en France<\/li>\n<\/ul>\n\n\n\n<p>Les \u00e9tablissements scolaires :<\/p>\n\n\n\n<ul class=\"wp-block-list\">\n<li><a href=\"https:\/\/www.facebook.com\/Coll%C3%A8ge-Libermann-112168108801253\/?__cft__%5b0%5d=AZVMFbL0XBwmH6kHqrWhAwOn8eRj88S_ROP-yVwr5q8MhFcR8DWuFVnIWI3dMXiREz7jNbW605w6choAsOYWMgx-HQQ4Uwgc41SIKV_T9GXI_qV-_NjYgZvwaOnE27S100XD7t2io7AkIZuqWjuw1Pj2RCknO_U1xQ2OOR87xyKJVw&amp;__tn__=kK-R\"><strong>Coll\u00e8ge Libermann<\/strong><\/a><\/li>\n<\/ul>\n\n\n\n<ul class=\"wp-block-list\">\n<li>Complexe Scolaire Bilingue NAL<\/li>\n<\/ul>\n\n\n\n<ul class=\"wp-block-list\">\n<li><a href=\"https:\/\/www.facebook.com\/collegebilingueducentre?__cft__%5b0%5d=AZVMFbL0XBwmH6kHqrWhAwOn8eRj88S_ROP-yVwr5q8MhFcR8DWuFVnIWI3dMXiREz7jNbW605w6choAsOYWMgx-HQQ4Uwgc41SIKV_T9GXI_qV-_NjYgZvwaOnE27S100XD7t2io7AkIZuqWjuw1Pj2RCknO_U1xQ2OOR87xyKJVw&amp;__tn__=-%5dK-R\"><strong>Coll\u00e8ge Bilingue du Centr<\/strong><\/a>e<\/li>\n<\/ul>\n\n\n\n<figure class=\"wp-block-image size-full\"><img loading=\"lazy\" decoding=\"async\" width=\"520\" height=\"346\" src=\"https:\/\/jfn-univ.com\/wp-content\/uploads\/2025\/10\/Image21.jpg\" alt=\"\" class=\"wp-image-282797\" srcset=\"https:\/\/jfn-univ.com\/wp-content\/uploads\/2025\/10\/Image21.jpg 520w, https:\/\/jfn-univ.com\/wp-content\/uploads\/2025\/10\/Image21-480x319.jpg 480w\" sizes=\"auto, (min-width: 0px) and (max-width: 480px) 480px, (min-width: 481px) 520px, 100vw\" \/><\/figure>\n\n\n\n<p>#jfnuniv<\/p>\n\n\n\n<p>#Dunis<\/p>\n\n\n\n<p>#Bemafrica<\/p>\n\n\n\n<p>#InternationalDay<\/p>\n","protected":false},"excerpt":{"rendered":"<p>Ce mercredi 01 Mars 2023 s&rsquo;est tenu au sein du Campus JFN l&rsquo;International Day de Dunis. Cette journ\u00e9e avait pour but d&rsquo;orienter, conseiller, \u00e9changer, apporter d&rsquo;amples informations sur le cursus acad\u00e9mique et la continuit\u00e9 des \u00e9tudes dans les \u00e9coles partenaires pour un \u00e9tudiant qui souhaite int\u00e9grer le programme Dunis (02 ans \u00e0 JFN et la [&hellip;]<\/p>\n","protected":false},"author":7,"featured_media":282792,"comment_status":"closed","ping_status":"open","sticky":false,"template":"","format":"standard","meta":{"_et_pb_use_builder":"","_et_pb_old_content":"","_et_gb_content_width":"","_monsterinsights_skip_tracking":false,"_monsterinsights_sitenote_active":false,"_monsterinsights_sitenote_note":"","_monsterinsights_sitenote_category":0,"footnotes":""},"categories":[1],"tags":[],"class_list":["post-282791","post","type-post","status-publish","format-standard","has-post-thumbnail","hentry","category-non-classe"],"yoast_head":"<!-- This site is optimized with the Yoast SEO plugin v27.4 - https:\/\/yoast.com\/product\/yoast-seo-wordpress\/ -->\n<title>International Day of Dunis \u00e0 JFN - JFN-HUI<\/title>\n<meta name=\"robots\" content=\"index, follow, max-snippet:-1, max-image-preview:large, max-video-preview:-1\" \/>\n<link rel=\"canonical\" href=\"https:\/\/jfn-univ.com\/index.php\/international-day-of-dunis-a-jfn\/\" \/>\n<meta property=\"og:locale\" content=\"fr_FR\" \/>\n<meta property=\"og:type\" content=\"article\" \/>\n<meta property=\"og:title\" content=\"International Day of Dunis \u00e0 JFN - JFN-HUI\" \/>\n<meta property=\"og:description\" content=\"Ce mercredi 01 Mars 2023 s&rsquo;est tenu au sein du Campus JFN l&rsquo;International Day de Dunis. Cette journ\u00e9e avait pour but d&rsquo;orienter, conseiller, \u00e9changer, apporter d&rsquo;amples informations sur le cursus acad\u00e9mique et la continuit\u00e9 des \u00e9tudes dans les \u00e9coles partenaires pour un \u00e9tudiant qui souhaite int\u00e9grer le programme Dunis (02 ans \u00e0 JFN et la [&hellip;]\" \/>\n<meta property=\"og:url\" content=\"https:\/\/jfn-univ.com\/index.php\/international-day-of-dunis-a-jfn\/\" \/>\n<meta property=\"og:site_name\" content=\"JFN-HUI\" \/>\n<meta property=\"article:published_time\" content=\"2023-03-03T15:58:39+00:00\" \/>\n<meta property=\"article:modified_time\" content=\"2025-10-08T15:59:57+00:00\" \/>\n<meta property=\"og:image\" content=\"https:\/\/jfn-univ.com\/wp-content\/uploads\/2025\/10\/Image15.jpg\" \/>\n\t<meta property=\"og:image:width\" content=\"462\" \/>\n\t<meta property=\"og:image:height\" content=\"346\" \/>\n\t<meta property=\"og:image:type\" content=\"image\/jpeg\" \/>\n<meta name=\"author\" content=\"communication\" \/>\n<meta name=\"twitter:card\" content=\"summary_large_image\" \/>\n<meta name=\"twitter:label1\" content=\"\u00c9crit par\" \/>\n\t<meta name=\"twitter:data1\" content=\"communication\" \/>\n\t<meta name=\"twitter:label2\" content=\"Dur\u00e9e de lecture estim\u00e9e\" \/>\n\t<meta name=\"twitter:data2\" content=\"3 minutes\" \/>\n<script type=\"application\/ld+json\" class=\"yoast-schema-graph\">{\"@context\":\"https:\\\/\\\/schema.org\",\"@graph\":[{\"@type\":\"Article\",\"@id\":\"https:\\\/\\\/jfn-univ.com\\\/index.php\\\/international-day-of-dunis-a-jfn\\\/#article\",\"isPartOf\":{\"@id\":\"https:\\\/\\\/jfn-univ.com\\\/index.php\\\/international-day-of-dunis-a-jfn\\\/\"},\"author\":{\"name\":\"communication\",\"@id\":\"https:\\\/\\\/jfn-univ.com\\\/#\\\/schema\\\/person\\\/e2d3b3549773fae53180a15c34fb03f9\"},\"headline\":\"International Day of Dunis \u00e0 JFN\",\"datePublished\":\"2023-03-03T15:58:39+00:00\",\"dateModified\":\"2025-10-08T15:59:57+00:00\",\"mainEntityOfPage\":{\"@id\":\"https:\\\/\\\/jfn-univ.com\\\/index.php\\\/international-day-of-dunis-a-jfn\\\/\"},\"wordCount\":278,\"publisher\":{\"@id\":\"https:\\\/\\\/jfn-univ.com\\\/#organization\"},\"image\":{\"@id\":\"https:\\\/\\\/jfn-univ.com\\\/index.php\\\/international-day-of-dunis-a-jfn\\\/#primaryimage\"},\"thumbnailUrl\":\"https:\\\/\\\/jfn-univ.com\\\/wp-content\\\/uploads\\\/2025\\\/10\\\/Image15.jpg\",\"inLanguage\":\"fr-FR\"},{\"@type\":\"WebPage\",\"@id\":\"https:\\\/\\\/jfn-univ.com\\\/index.php\\\/international-day-of-dunis-a-jfn\\\/\",\"url\":\"https:\\\/\\\/jfn-univ.com\\\/index.php\\\/international-day-of-dunis-a-jfn\\\/\",\"name\":\"International Day of Dunis \u00e0 JFN - JFN-HUI\",\"isPartOf\":{\"@id\":\"https:\\\/\\\/jfn-univ.com\\\/#website\"},\"primaryImageOfPage\":{\"@id\":\"https:\\\/\\\/jfn-univ.com\\\/index.php\\\/international-day-of-dunis-a-jfn\\\/#primaryimage\"},\"image\":{\"@id\":\"https:\\\/\\\/jfn-univ.com\\\/index.php\\\/international-day-of-dunis-a-jfn\\\/#primaryimage\"},\"thumbnailUrl\":\"https:\\\/\\\/jfn-univ.com\\\/wp-content\\\/uploads\\\/2025\\\/10\\\/Image15.jpg\",\"datePublished\":\"2023-03-03T15:58:39+00:00\",\"dateModified\":\"2025-10-08T15:59:57+00:00\",\"breadcrumb\":{\"@id\":\"https:\\\/\\\/jfn-univ.com\\\/index.php\\\/international-day-of-dunis-a-jfn\\\/#breadcrumb\"},\"inLanguage\":\"fr-FR\",\"potentialAction\":[{\"@type\":\"ReadAction\",\"target\":[\"https:\\\/\\\/jfn-univ.com\\\/index.php\\\/international-day-of-dunis-a-jfn\\\/\"]}]},{\"@type\":\"ImageObject\",\"inLanguage\":\"fr-FR\",\"@id\":\"https:\\\/\\\/jfn-univ.com\\\/index.php\\\/international-day-of-dunis-a-jfn\\\/#primaryimage\",\"url\":\"https:\\\/\\\/jfn-univ.com\\\/wp-content\\\/uploads\\\/2025\\\/10\\\/Image15.jpg\",\"contentUrl\":\"https:\\\/\\\/jfn-univ.com\\\/wp-content\\\/uploads\\\/2025\\\/10\\\/Image15.jpg\",\"width\":462,\"height\":346},{\"@type\":\"BreadcrumbList\",\"@id\":\"https:\\\/\\\/jfn-univ.com\\\/index.php\\\/international-day-of-dunis-a-jfn\\\/#breadcrumb\",\"itemListElement\":[{\"@type\":\"ListItem\",\"position\":1,\"name\":\"Home\",\"item\":\"https:\\\/\\\/jfn-univ.com\\\/\"},{\"@type\":\"ListItem\",\"position\":2,\"name\":\"International Day of Dunis \u00e0 JFN\"}]},{\"@type\":\"WebSite\",\"@id\":\"https:\\\/\\\/jfn-univ.com\\\/#website\",\"url\":\"https:\\\/\\\/jfn-univ.com\\\/\",\"name\":\"JFN HUI\",\"description\":\"innovation for a better world\",\"publisher\":{\"@id\":\"https:\\\/\\\/jfn-univ.com\\\/#organization\"},\"potentialAction\":[{\"@type\":\"SearchAction\",\"target\":{\"@type\":\"EntryPoint\",\"urlTemplate\":\"https:\\\/\\\/jfn-univ.com\\\/?s={search_term_string}\"},\"query-input\":{\"@type\":\"PropertyValueSpecification\",\"valueRequired\":true,\"valueName\":\"search_term_string\"}}],\"inLanguage\":\"fr-FR\"},{\"@type\":\"Organization\",\"@id\":\"https:\\\/\\\/jfn-univ.com\\\/#organization\",\"name\":\"JFN hui\",\"url\":\"https:\\\/\\\/jfn-univ.com\\\/\",\"logo\":{\"@type\":\"ImageObject\",\"inLanguage\":\"fr-FR\",\"@id\":\"https:\\\/\\\/jfn-univ.com\\\/#\\\/schema\\\/logo\\\/image\\\/\",\"url\":\"https:\\\/\\\/jfn-univ.com\\\/wp-content\\\/uploads\\\/2024\\\/07\\\/jfn-hui-logo.png\",\"contentUrl\":\"https:\\\/\\\/jfn-univ.com\\\/wp-content\\\/uploads\\\/2024\\\/07\\\/jfn-hui-logo.png\",\"width\":198,\"height\":52,\"caption\":\"JFN hui\"},\"image\":{\"@id\":\"https:\\\/\\\/jfn-univ.com\\\/#\\\/schema\\\/logo\\\/image\\\/\"}},{\"@type\":\"Person\",\"@id\":\"https:\\\/\\\/jfn-univ.com\\\/#\\\/schema\\\/person\\\/e2d3b3549773fae53180a15c34fb03f9\",\"name\":\"communication\",\"image\":{\"@type\":\"ImageObject\",\"inLanguage\":\"fr-FR\",\"@id\":\"https:\\\/\\\/secure.gravatar.com\\\/avatar\\\/0cd16ab3d9e1cd96903889948b7bbb7d17da72e095231b8f0ac665bc3135fc6d?s=96&d=mm&r=g\",\"url\":\"https:\\\/\\\/secure.gravatar.com\\\/avatar\\\/0cd16ab3d9e1cd96903889948b7bbb7d17da72e095231b8f0ac665bc3135fc6d?s=96&d=mm&r=g\",\"contentUrl\":\"https:\\\/\\\/secure.gravatar.com\\\/avatar\\\/0cd16ab3d9e1cd96903889948b7bbb7d17da72e095231b8f0ac665bc3135fc6d?s=96&d=mm&r=g\",\"caption\":\"communication\"},\"url\":\"https:\\\/\\\/jfn-univ.com\\\/index.php\\\/author\\\/communication\\\/\"}]}<\/script>\n<!-- \/ Yoast SEO plugin. -->","yoast_head_json":{"title":"International Day of Dunis \u00e0 JFN - JFN-HUI","robots":{"index":"index","follow":"follow","max-snippet":"max-snippet:-1","max-image-preview":"max-image-preview:large","max-video-preview":"max-video-preview:-1"},"canonical":"https:\/\/jfn-univ.com\/index.php\/international-day-of-dunis-a-jfn\/","og_locale":"fr_FR","og_type":"article","og_title":"International Day of Dunis \u00e0 JFN - JFN-HUI","og_description":"Ce mercredi 01 Mars 2023 s&rsquo;est tenu au sein du Campus JFN l&rsquo;International Day de Dunis. Cette journ\u00e9e avait pour but d&rsquo;orienter, conseiller, \u00e9changer, apporter d&rsquo;amples informations sur le cursus acad\u00e9mique et la continuit\u00e9 des \u00e9tudes dans les \u00e9coles partenaires pour un \u00e9tudiant qui souhaite int\u00e9grer le programme Dunis (02 ans \u00e0 JFN et la [&hellip;]","og_url":"https:\/\/jfn-univ.com\/index.php\/international-day-of-dunis-a-jfn\/","og_site_name":"JFN-HUI","article_published_time":"2023-03-03T15:58:39+00:00","article_modified_time":"2025-10-08T15:59:57+00:00","og_image":[{"width":462,"height":346,"url":"https:\/\/jfn-univ.com\/wp-content\/uploads\/2025\/10\/Image15.jpg","type":"image\/jpeg"}],"author":"communication","twitter_card":"summary_large_image","twitter_misc":{"\u00c9crit par":"communication","Dur\u00e9e de lecture estim\u00e9e":"3 minutes"},"schema":{"@context":"https:\/\/schema.org","@graph":[{"@type":"Article","@id":"https:\/\/jfn-univ.com\/index.php\/international-day-of-dunis-a-jfn\/#article","isPartOf":{"@id":"https:\/\/jfn-univ.com\/index.php\/international-day-of-dunis-a-jfn\/"},"author":{"name":"communication","@id":"https:\/\/jfn-univ.com\/#\/schema\/person\/e2d3b3549773fae53180a15c34fb03f9"},"headline":"International Day of Dunis \u00e0 JFN","datePublished":"2023-03-03T15:58:39+00:00","dateModified":"2025-10-08T15:59:57+00:00","mainEntityOfPage":{"@id":"https:\/\/jfn-univ.com\/index.php\/international-day-of-dunis-a-jfn\/"},"wordCount":278,"publisher":{"@id":"https:\/\/jfn-univ.com\/#organization"},"image":{"@id":"https:\/\/jfn-univ.com\/index.php\/international-day-of-dunis-a-jfn\/#primaryimage"},"thumbnailUrl":"https:\/\/jfn-univ.com\/wp-content\/uploads\/2025\/10\/Image15.jpg","inLanguage":"fr-FR"},{"@type":"WebPage","@id":"https:\/\/jfn-univ.com\/index.php\/international-day-of-dunis-a-jfn\/","url":"https:\/\/jfn-univ.com\/index.php\/international-day-of-dunis-a-jfn\/","name":"International Day of Dunis \u00e0 JFN - JFN-HUI","isPartOf":{"@id":"https:\/\/jfn-univ.com\/#website"},"primaryImageOfPage":{"@id":"https:\/\/jfn-univ.com\/index.php\/international-day-of-dunis-a-jfn\/#primaryimage"},"image":{"@id":"https:\/\/jfn-univ.com\/index.php\/international-day-of-dunis-a-jfn\/#primaryimage"},"thumbnailUrl":"https:\/\/jfn-univ.com\/wp-content\/uploads\/2025\/10\/Image15.jpg","datePublished":"2023-03-03T15:58:39+00:00","dateModified":"2025-10-08T15:59:57+00:00","breadcrumb":{"@id":"https:\/\/jfn-univ.com\/index.php\/international-day-of-dunis-a-jfn\/#breadcrumb"},"inLanguage":"fr-FR","potentialAction":[{"@type":"ReadAction","target":["https:\/\/jfn-univ.com\/index.php\/international-day-of-dunis-a-jfn\/"]}]},{"@type":"ImageObject","inLanguage":"fr-FR","@id":"https:\/\/jfn-univ.com\/index.php\/international-day-of-dunis-a-jfn\/#primaryimage","url":"https:\/\/jfn-univ.com\/wp-content\/uploads\/2025\/10\/Image15.jpg","contentUrl":"https:\/\/jfn-univ.com\/wp-content\/uploads\/2025\/10\/Image15.jpg","width":462,"height":346},{"@type":"BreadcrumbList","@id":"https:\/\/jfn-univ.com\/index.php\/international-day-of-dunis-a-jfn\/#breadcrumb","itemListElement":[{"@type":"ListItem","position":1,"name":"Home","item":"https:\/\/jfn-univ.com\/"},{"@type":"ListItem","position":2,"name":"International Day of Dunis \u00e0 JFN"}]},{"@type":"WebSite","@id":"https:\/\/jfn-univ.com\/#website","url":"https:\/\/jfn-univ.com\/","name":"JFN HUI","description":"innovation for a better world","publisher":{"@id":"https:\/\/jfn-univ.com\/#organization"},"potentialAction":[{"@type":"SearchAction","target":{"@type":"EntryPoint","urlTemplate":"https:\/\/jfn-univ.com\/?s={search_term_string}"},"query-input":{"@type":"PropertyValueSpecification","valueRequired":true,"valueName":"search_term_string"}}],"inLanguage":"fr-FR"},{"@type":"Organization","@id":"https:\/\/jfn-univ.com\/#organization","name":"JFN hui","url":"https:\/\/jfn-univ.com\/","logo":{"@type":"ImageObject","inLanguage":"fr-FR","@id":"https:\/\/jfn-univ.com\/#\/schema\/logo\/image\/","url":"https:\/\/jfn-univ.com\/wp-content\/uploads\/2024\/07\/jfn-hui-logo.png","contentUrl":"https:\/\/jfn-univ.com\/wp-content\/uploads\/2024\/07\/jfn-hui-logo.png","width":198,"height":52,"caption":"JFN hui"},"image":{"@id":"https:\/\/jfn-univ.com\/#\/schema\/logo\/image\/"}},{"@type":"Person","@id":"https:\/\/jfn-univ.com\/#\/schema\/person\/e2d3b3549773fae53180a15c34fb03f9","name":"communication","image":{"@type":"ImageObject","inLanguage":"fr-FR","@id":"https:\/\/secure.gravatar.com\/avatar\/0cd16ab3d9e1cd96903889948b7bbb7d17da72e095231b8f0ac665bc3135fc6d?s=96&d=mm&r=g","url":"https:\/\/secure.gravatar.com\/avatar\/0cd16ab3d9e1cd96903889948b7bbb7d17da72e095231b8f0ac665bc3135fc6d?s=96&d=mm&r=g","contentUrl":"https:\/\/secure.gravatar.com\/avatar\/0cd16ab3d9e1cd96903889948b7bbb7d17da72e095231b8f0ac665bc3135fc6d?s=96&d=mm&r=g","caption":"communication"},"url":"https:\/\/jfn-univ.com\/index.php\/author\/communication\/"}]}},"lang":"fr","translations":{"fr":282791},"pll_sync_post":[],"_links":{"self":[{"href":"https:\/\/jfn-univ.com\/index.php\/wp-json\/wp\/v2\/posts\/282791","targetHints":{"allow":["GET"]}}],"collection":[{"href":"https:\/\/jfn-univ.com\/index.php\/wp-json\/wp\/v2\/posts"}],"about":[{"href":"https:\/\/jfn-univ.com\/index.php\/wp-json\/wp\/v2\/types\/post"}],"author":[{"embeddable":true,"href":"https:\/\/jfn-univ.com\/index.php\/wp-json\/wp\/v2\/users\/7"}],"replies":[{"embeddable":true,"href":"https:\/\/jfn-univ.com\/index.php\/wp-json\/wp\/v2\/comments?post=282791"}],"version-history":[{"count":2,"href":"https:\/\/jfn-univ.com\/index.php\/wp-json\/wp\/v2\/posts\/282791\/revisions"}],"predecessor-version":[{"id":282923,"href":"https:\/\/jfn-univ.com\/index.php\/wp-json\/wp\/v2\/posts\/282791\/revisions\/282923"}],"wp:featuredmedia":[{"embeddable":true,"href":"https:\/\/jfn-univ.com\/index.php\/wp-json\/wp\/v2\/media\/282792"}],"wp:attachment":[{"href":"https:\/\/jfn-univ.com\/index.php\/wp-json\/wp\/v2\/media?parent=282791"}],"wp:term":[{"taxonomy":"category","embeddable":true,"href":"https:\/\/jfn-univ.com\/index.php\/wp-json\/wp\/v2\/categories?post=282791"},{"taxonomy":"post_tag","embeddable":true,"href":"https:\/\/jfn-univ.com\/index.php\/wp-json\/wp\/v2\/tags?post=282791"}],"curies":[{"name":"wp","href":"https:\/\/api.w.org\/{rel}","templated":true}]}}